{"id":7969,"date":"2026-04-23T07:05:11","date_gmt":"2026-04-23T07:05:11","guid":{"rendered":"https:\/\/gad.se\/g-a-d-utokar-aterforsaljarnatet-i-sverige\/"},"modified":"2026-04-23T07:05:11","modified_gmt":"2026-04-23T07:05:11","slug":"g-a-d-utokar-aterforsaljarnatet-i-sverige","status":"publish","type":"post","link":"https:\/\/gad.se\/en\/g-a-d-utokar-aterforsaljarnatet-i-sverige\/","title":{"rendered":"G.A.D ut\u00f6kar \u00e5terf\u00f6rs\u00e4ljarn\u00e4tet i Sverige."},"content":{"rendered":"<p><strong>AB Gotland Art &#038; Design (publ.) (G.A.D) st\u00e4rker sin n\u00e4rvaro i Sverige<\/strong><\/p>\n<p style=\"font-family:arial,helvetica,sans-serif; margin-bottom:8pt;margin-top:12px\"><img decoding=\"async\" alt=\"\" src=\"https:\/\/mb.cision.com\/Public\/24001\/4339043\/abfc0846e7ec6654_800x800ar.jpg\"><span style=\"font-family:times new roman,times; font-size:12pt\">Gotl&auml;ndska designf&ouml;retaget G.A.D:s meddelar idag f&ouml;rst&auml;rkning av &aring;terf&ouml;rs&auml;ljarn&auml;tet i Sverige. Under &aring;ret har avtal knutits med ledande akt&ouml;rer i Karlstad, Malm&ouml;, G&auml;vle, B&aring;stad och Kristianstad. Dessutom &auml;r f&ouml;retagets egen butik i G&ouml;teborg ny&ouml;ppnad under v&aring;ren. <\/span><\/p>\n<p style=\"font-family:arial,helvetica,sans-serif; margin-bottom:8pt; margin-top:0pt\"><span style=\"font-family:times new roman,times; font-size:12pt\">&rdquo;Starka &aring;terf&ouml;rs&auml;ljare &auml;r grunden i den tillv&auml;xt som G.A.D kommer att leverera. Vi har aldrig haft ett s&aring; starkt och v&auml;letablerat &aring;terf&ouml;rs&auml;ljarn&auml;t i Sverige som vi har nu. V&aring;rt nya uppl&auml;gg f&ouml;r &aring;terf&ouml;rs&auml;ljare till hemkonsumenten &auml;r attraktivt och en viktig del i att vi nu v&auml;lkomnar fem nya medlemmar i G.A.D. familjen&rdquo; <\/span><\/p>\n<p style=\"font-family:arial,helvetica,sans-serif; margin-bottom:8pt; margin-top:0pt\"><span style=\"font-family:times new roman,times; font-size:12pt\">Leverans av utst&auml;llningsm&ouml;bler sker under Q2 2026 och verkan av nya &aring;terf&ouml;rs&auml;ljarna ses redan fr&aring;n h&ouml;sten 2026.<\/span><\/p>\n<p style=\"font-family:arial,helvetica,sans-serif; margin-bottom:8pt; margin-top:0pt\"><span style=\"font-family:times new roman,times; font-size:12pt\"><strong>Om Gotland Art &amp; Design (G.A.D)<\/strong><\/span><\/p>\n<p style=\"font-family:arial,helvetica,sans-serif; margin-bottom:8pt; margin-top:0pt\"><span style=\"font-family:times new roman,times; font-size:12pt\">G.A.D &auml;r ett svenskt designf&ouml;retag som tillverkar exklusiva m&ouml;bler i lokala, massiva naturmaterial s&aring;som ek, bj&ouml;rk och gotl&auml;ndsk kalksten. Bolagets produkter k&auml;nnetecknas av tidl&ouml;s design och hantverksm&auml;ssig kvalitet producerat i Sverige.<\/span><\/p>\n<p style=\"font-family:arial,helvetica,sans-serif; margin-bottom:8pt; margin-top:0pt\"><span style=\"font-family:times new roman,times; font-size:12pt\">Verksamheten grundades 1997 av Kristian Eriksson, som efter m&aring;nga &aring;r i IT-branschen valde att f&ouml;lja sin kreativa &aring;dra och flytta till Gotland. N&auml;r han inte fann de genuina, handgjorda kvalitetsm&ouml;bler han sj&auml;lv s&ouml;kte, startade Kristian egen tillverkning. G.A.D f&ouml;ddes. Sedan dess har G.A.D etablerats som ett starkt varum&auml;rke med m&aring;nga &aring;terkommande kunder.<\/span><\/p>\n<p style=\"font-family:arial,helvetica,sans-serif; margin-bottom:8pt; margin-top:0pt\"><span style=\"font-family:times new roman,times; font-size:12pt\">Historiskt har G.A.D drivits som ett familjef&ouml;retag med stabil f&ouml;rs&auml;ljning och h&ouml;g kundlojalitet, men utan en aktiv expansion eller omfattande marknadsf&ouml;ring. Under 2024 och 2025 har Bolaget p&aring;b&ouml;rjat en tydlig tillv&auml;xtresa med m&aring;ls&auml;ttning att realisera den betydande marknadspotential som identifierats. G.A.D &auml;r idag ett etablerat varum&auml;rke inom premiumsegmentet av svensk heminredning och har antagit en tillv&auml;xtstrategi som bygger p&aring; &ouml;kad synlighet och marknadsn&auml;rvaro.<\/span><\/p>","protected":false},"excerpt":{"rendered":"<p>AB Gotland Art &#038; Design (publ.) (G.A.D) st\u00e4rker sin n\u00e4rvaro i Sverige Gotl&auml;ndska designf&ouml;retaget G.A.D:s meddelar idag f&ouml;rst&auml;rkning av &aring;terf&ouml;rs&auml;ljarn&auml;tet i Sverige. Under &aring;ret har avtal knutits med ledande akt&ouml;rer i Karlstad, Malm&ouml;, G&auml;vle, B&aring;stad och Kristianstad. Dessutom &auml;r f&ouml;retagets egen butik i G&ouml;teborg ny&ouml;ppnad under v&aring;ren. &rdquo;Starka &aring;terf&ouml;rs&auml;ljare &auml;r grunden i den tillv&auml;xt som [&hellip;]<\/p>\n","protected":false},"author":0,"featured_media":7970,"comment_status":"open","ping_status":"open","sticky":false,"template":"","format":"standard","meta":{"_acf_changed":false,"footnotes":""},"categories":[142],"tags":[],"class_list":["post-7969","post","type-post","status-publish","format-standard","has-post-thumbnail","hentry","category-pressmeddelande"],"acf":[],"_links":{"self":[{"href":"https:\/\/gad.se\/en\/wp-json\/wp\/v2\/posts\/7969","targetHints":{"allow":["GET"]}}],"collection":[{"href":"https:\/\/gad.se\/en\/wp-json\/wp\/v2\/posts"}],"about":[{"href":"https:\/\/gad.se\/en\/wp-json\/wp\/v2\/types\/post"}],"replies":[{"embeddable":true,"href":"https:\/\/gad.se\/en\/wp-json\/wp\/v2\/comments?post=7969"}],"version-history":[{"count":0,"href":"https:\/\/gad.se\/en\/wp-json\/wp\/v2\/posts\/7969\/revisions"}],"wp:featuredmedia":[{"embeddable":true,"href":"https:\/\/gad.se\/en\/wp-json\/wp\/v2\/media\/7970"}],"wp:attachment":[{"href":"https:\/\/gad.se\/en\/wp-json\/wp\/v2\/media?parent=7969"}],"wp:term":[{"taxonomy":"category","embeddable":true,"href":"https:\/\/gad.se\/en\/wp-json\/wp\/v2\/categories?post=7969"},{"taxonomy":"post_tag","embeddable":true,"href":"https:\/\/gad.se\/en\/wp-json\/wp\/v2\/tags?post=7969"}],"curies":[{"name":"wp","href":"https:\/\/api.w.org\/{rel}","templated":true}]}}