{"id":8087,"date":"2026-01-29T14:24:10","date_gmt":"2026-01-29T14:24:10","guid":{"rendered":"https:\/\/gad.se\/?p=8087"},"modified":"2026-04-27T14:25:15","modified_gmt":"2026-04-27T14:25:15","slug":"g-a-d-deltar-i-stockholm-design-days","status":"publish","type":"post","link":"https:\/\/gad.se\/en\/g-a-d-deltar-i-stockholm-design-days\/","title":{"rendered":"G.A.D deltar i Stockholm Design Days!"},"content":{"rendered":"<div class=\"xt0psk2\">\n<p class=\"_ap3a _aaco _aacu _aacx _aad7 _aade\" dir=\"auto\">Under n\u00e4sta vecka, n\u00e4rmare best\u00e4md 3\u20135 februari, bjuder vi in er till Showroom T4 \u2013 Stockholm Design Days. H\u00e4r kommer ni att f\u00e5 ta del av m\u00e4ngder av nyheter fr\u00e5n oss och v\u00e5ra samarbetspartners.<\/p>\n<p>Vi ser fram emot att tr\u00e4ffa er och introducera v\u00e5r f\u00f6rsta m\u00f6bel fr\u00e5n v\u00e5rt nya PRO sortiment \u2013 Burs konferensbord i massiv ek med integrerade eluttag och belysning.<\/p>\n<p>H\u00e5ll utkik p\u00e5 v\u00e5ra sociala medier f\u00f6r att se mer fr\u00e5n T4, eller kom f\u00f6rbi sj\u00e4lv om du har v\u00e4garna f\u00f6rbi Stockholm n\u00e4sta vecka.<\/p>\n<p>V\u00e5ra lokaler p\u00e5 Tegn\u00e9rgatan 4 i Stockholm h\u00e5ller \u00f6ppet:<\/p>\n<p>Tisdag 3\/2: Showroom 11\u201320, Cocktail 15\u201320<br \/>\nOnsdag 4\/2: Showroom 11\u201319, Cocktail 15\u201319<br \/>\nTorsdag 5\/2: Showroom 11\u201319, Cocktail 15\u201319<\/p>\n<p>Varmt v\u00e4lkomna!<\/p>\n<p><a class=\"x1i10hfl xjbqb8w x1ejq31n x18oe1m7 x1sy0etr xstzfhl x972fbf x10w94by x1qhh985 x14e42zd x9f619 x1ypdohk xt0psk2 x3ct3a4 xdj266r x14z9mp xat24cr x1lziwak xexx8yu xyri2b x18d9i69 x1c1uobl x16tdsg8 x1hl2dhg xggy1nq x1a2a7pz  _aa9_ _a6hd\" tabindex=\"0\" role=\"link\" href=\"https:\/\/www.instagram.com\/explore\/tags\/gadfurniture\/\" target=\"_blank\" rel=\"noopener\">#gadfurniture<\/a>\u00a0<a class=\"x1i10hfl xjbqb8w x1ejq31n x18oe1m7 x1sy0etr xstzfhl x972fbf x10w94by x1qhh985 x14e42zd x9f619 x1ypdohk xt0psk2 x3ct3a4 xdj266r x14z9mp xat24cr x1lziwak xexx8yu xyri2b x18d9i69 x1c1uobl x16tdsg8 x1hl2dhg xggy1nq x1a2a7pz  _aa9_ _a6hd\" tabindex=\"0\" role=\"link\" href=\"https:\/\/www.instagram.com\/explore\/tags\/stockholmdesigndays2026\/\" target=\"_blank\" rel=\"noopener\">#stockholmdesigndays2026<\/a><\/p>\n<\/div>\n<div class=\"html-div x14z9mp x1lziwak xexx8yu xyri2b x18d9i69 x1c1uobl x9f619 xjbqb8w x78zum5 x15mokao x1ga7v0g x16uus16 xbiv7yw x1xmf6yo x12nagc x1n2onr6 x1plvlek xryxfnj x1c4vz4f x2lah0s xdt5ytf xqjyukv x1qjc9v5 x1oa3qoh x1nhvcw1\"><\/div>","protected":false},"excerpt":{"rendered":"<p>Under n\u00e4sta vecka, n\u00e4rmare best\u00e4md 3\u20135 februari, bjuder vi in er till Showroom T4 \u2013 Stockholm Design Days. H\u00e4r kommer ni att f\u00e5 ta del av m\u00e4ngder av nyheter fr\u00e5n oss och v\u00e5ra samarbetspartners. Vi ser fram emot att tr\u00e4ffa er och introducera v\u00e5r f\u00f6rsta m\u00f6bel fr\u00e5n v\u00e5rt nya PRO sortiment \u2013 Burs konferensbord i [&hellip;]<\/p>\n","protected":false},"author":2,"featured_media":8088,"comment_status":"open","ping_status":"open","sticky":false,"template":"","format":"standard","meta":{"_acf_changed":false,"footnotes":""},"categories":[147],"tags":[],"class_list":["post-8087","post","type-post","status-publish","format-standard","has-post-thumbnail","hentry","category-massor-event"],"acf":[],"_links":{"self":[{"href":"https:\/\/gad.se\/en\/wp-json\/wp\/v2\/posts\/8087","targetHints":{"allow":["GET"]}}],"collection":[{"href":"https:\/\/gad.se\/en\/wp-json\/wp\/v2\/posts"}],"about":[{"href":"https:\/\/gad.se\/en\/wp-json\/wp\/v2\/types\/post"}],"author":[{"embeddable":true,"href":"https:\/\/gad.se\/en\/wp-json\/wp\/v2\/users\/2"}],"replies":[{"embeddable":true,"href":"https:\/\/gad.se\/en\/wp-json\/wp\/v2\/comments?post=8087"}],"version-history":[{"count":1,"href":"https:\/\/gad.se\/en\/wp-json\/wp\/v2\/posts\/8087\/revisions"}],"predecessor-version":[{"id":8089,"href":"https:\/\/gad.se\/en\/wp-json\/wp\/v2\/posts\/8087\/revisions\/8089"}],"wp:featuredmedia":[{"embeddable":true,"href":"https:\/\/gad.se\/en\/wp-json\/wp\/v2\/media\/8088"}],"wp:attachment":[{"href":"https:\/\/gad.se\/en\/wp-json\/wp\/v2\/media?parent=8087"}],"wp:term":[{"taxonomy":"category","embeddable":true,"href":"https:\/\/gad.se\/en\/wp-json\/wp\/v2\/categories?post=8087"},{"taxonomy":"post_tag","embeddable":true,"href":"https:\/\/gad.se\/en\/wp-json\/wp\/v2\/tags?post=8087"}],"curies":[{"name":"wp","href":"https:\/\/api.w.org\/{rel}","templated":true}]}}