{"id":8074,"date":"2026-04-27T13:37:00","date_gmt":"2026-04-27T13:37:00","guid":{"rendered":"https:\/\/gad.se\/?p=8074"},"modified":"2026-04-27T13:40:43","modified_gmt":"2026-04-27T13:40:43","slug":"g-a-d-stockholm-vernissage-med-martin-sundstrom","status":"publish","type":"post","link":"https:\/\/gad.se\/nb\/g-a-d-stockholm-vernissage-med-martin-sundstrom\/","title":{"rendered":"G.A.D Stockholm: Vernissage med Martin Sundstr\u00f6m"},"content":{"rendered":"<p>L\u00f6rdag den 2 maj klockan 11.00\u201315.00 h\u00e5ller Martin Sundstr\u00f6m vernissage p\u00e5 G.A.D Stockholm!<\/p>\n<p>Martin \u00e4r professionell frilansfotograf bosatt i Stockholm men med v\u00e4rlden som arbetsplats. Han arbetar med byr\u00e5er inom arkitektur, marknadsf\u00f6ring och grafisk design s\u00e5v\u00e4l som restauranger, eventskapare och f\u00f6rlag men ocks\u00e5 privatpersoner och egna konstprojekt.<\/p>","protected":false},"excerpt":{"rendered":"<p>L\u00f6rdag den 2 maj klockan 11.00\u201315.00 h\u00e5ller Martin Sundstr\u00f6m vernissage p\u00e5 G.A.D Stockholm! Martin \u00e4r professionell frilansfotograf bosatt i Stockholm men med v\u00e4rlden som arbetsplats. Han arbetar med byr\u00e5er inom arkitektur, marknadsf\u00f6ring och grafisk design s\u00e5v\u00e4l som restauranger, eventskapare och f\u00f6rlag men ocks\u00e5 privatpersoner och egna konstprojekt.<\/p>","protected":false},"author":2,"featured_media":8075,"comment_status":"open","ping_status":"open","sticky":false,"template":"","format":"standard","meta":{"_acf_changed":false,"footnotes":""},"categories":[145],"tags":[],"class_list":["post-8074","post","type-post","status-publish","format-standard","has-post-thumbnail","hentry","category-stockholm"],"acf":[],"_links":{"self":[{"href":"https:\/\/gad.se\/nb\/wp-json\/wp\/v2\/posts\/8074","targetHints":{"allow":["GET"]}}],"collection":[{"href":"https:\/\/gad.se\/nb\/wp-json\/wp\/v2\/posts"}],"about":[{"href":"https:\/\/gad.se\/nb\/wp-json\/wp\/v2\/types\/post"}],"author":[{"embeddable":true,"href":"https:\/\/gad.se\/nb\/wp-json\/wp\/v2\/users\/2"}],"replies":[{"embeddable":true,"href":"https:\/\/gad.se\/nb\/wp-json\/wp\/v2\/comments?post=8074"}],"version-history":[{"count":4,"href":"https:\/\/gad.se\/nb\/wp-json\/wp\/v2\/posts\/8074\/revisions"}],"predecessor-version":[{"id":8082,"href":"https:\/\/gad.se\/nb\/wp-json\/wp\/v2\/posts\/8074\/revisions\/8082"}],"wp:featuredmedia":[{"embeddable":true,"href":"https:\/\/gad.se\/nb\/wp-json\/wp\/v2\/media\/8075"}],"wp:attachment":[{"href":"https:\/\/gad.se\/nb\/wp-json\/wp\/v2\/media?parent=8074"}],"wp:term":[{"taxonomy":"category","embeddable":true,"href":"https:\/\/gad.se\/nb\/wp-json\/wp\/v2\/categories?post=8074"},{"taxonomy":"post_tag","embeddable":true,"href":"https:\/\/gad.se\/nb\/wp-json\/wp\/v2\/tags?post=8074"}],"curies":[{"name":"wp","href":"https:\/\/api.w.org\/{rel}","templated":true}]}}